{"id":661,"date":"2017-03-17T09:33:59","date_gmt":"2017-03-17T08:33:59","guid":{"rendered":"http:\/\/kinderhaus.pfarrei-badkoetzting.de\/?p=661"},"modified":"2017-03-20T15:04:50","modified_gmt":"2017-03-20T14:04:50","slug":"kuchenverkauf-19-maerz","status":"publish","type":"post","link":"https:\/\/kinderhaus.pfarrei-badkoetzting.de\/?p=661","title":{"rendered":"Kuchenverkauf 19. M\u00e4rz"},"content":{"rendered":"<h6>Der Elternbeirat braucht Unterst\u00fctzung!!!!!<\/h6>\n<p>Es ist wieder soweit: Unser flei\u00dfiger Elternbeirat veranstaltet am Sonntag einen Kuchenverkauf nach den Gottesdiensten um 8.30 Uhr und 10.30 Uhr bei der Stadtpfarrkirche ( je nach Wetter im Eingangsbereich\/Vorhof der Kirche oder im Foyer des Pfarrheims).\u00a0\u00a0\u00a0\u00a0\u00a0\u00a0\u00a0\u00a0\u00a0\u00a0\u00a0\u00a0\u00a0\u00a0\u00a0\u00a0\u00a0\u00a0\u00a0\u00a0\u00a0\u00a0\u00a0\u00a0\u00a0\u00a0\u00a0\u00a0\u00a0\u00a0\u00a0\u00a0\u00a0 \u00a0 \u00a0 \u00a0 \u00a0 \u00a0 \u00a0 \u00a0 \u00a0 \u00a0 \u00a0 \u00a0 \u00a0 \u00a0 \u00a0 \u00a0 \u00a0 \u00a0 \u00a0 \u00a0 \u00a0 \u00a0 \u00a0 \u00a0 \u00a0 \u00a0 \u00a0 \u00a0 \u00a0 \u00a0 \u00a0 \u00a0 \u00a0 \u00a0 \u00a0 \u00a0 \u00a0 \u00a0 \u00a0 \u00a0 \u00a0 \u00a0 \u00a0 \u00a0 \u00a0 \u00a0 \u00a0 \u00a0 \u00a0 \u00a0 \u00a0 \u00a0 \u00a0 \u00a0 \u00a0 \u00a0\u00a0 Leckere,\u00a0 selbstgebackene Kuchen unserer Kindergarteneltern werden dann angeboten.\u00a0 Sie brauchen also am Sonntag gar nicht selber backen &#8211; wir haben ja welche da!\u00a0\u00a0\u00a0\u00a0\u00a0\u00a0\u00a0\u00a0\u00a0\u00a0\u00a0\u00a0\u00a0\u00a0\u00a0\u00a0\u00a0\u00a0\u00a0\u00a0\u00a0\u00a0 wie praktisch\u00a0\u00a0\u00a0\u00a0\u00a0\u00a0\u00a0\u00a0\u00a0\u00a0\u00a0\u00a0\u00a0\u00a0\u00a0\u00a0\u00a0\u00a0\u00a0\u00a0 <img decoding=\"async\" loading=\"lazy\" class=\"wp-image-668 alignnone\" src=\"https:\/\/kinderhaus.pfarrei-badkoetzting.de\/wordpress\/wp-content\/uploads\/2017\/03\/big-grin-rosy-cheeks-emoji-300x283.png\" alt=\"\" width=\"74\" height=\"70\" srcset=\"https:\/\/kinderhaus.pfarrei-badkoetzting.de\/wordpress\/wp-content\/uploads\/2017\/03\/big-grin-rosy-cheeks-emoji-300x283.png 300w, https:\/\/kinderhaus.pfarrei-badkoetzting.de\/wordpress\/wp-content\/uploads\/2017\/03\/big-grin-rosy-cheeks-emoji.png 350w\" sizes=\"(max-width: 74px) 100vw, 74px\" \/><\/p>\n<p>Der Erl\u00f6s kommt wieder dem Kinderhauskindern zu Gute &#8211; denn wir haben noch viele W\u00fcnsche, die wir mit diesen Geldern des Elternbeirates verwirklichen k\u00f6nnten:<\/p>\n<h5>\u00a0\u00a0\u00a0\u00a0\u00a0\u00a0\u00a0\u00a0\u00a0\u00a0\u00a0 Bauwagen \u00a0 \u00a0 \u00a0 \u00a0 \u00a0 \u00a0 \u00a0 \u00a0\u00a0\u00a0 Holzpferd f\u00fcr den Garten<\/h5>\n<h5>\u00a0 \u00a0 \u00a0 \u00a0 \u00a0 \u00a0 \u00a0 \u00a0 \u00a0 \u00a0 \u00a0\u00a0 \u00a0 Buttonmaschine<\/h5>\n<h5>Materialien f\u00fcr unsere Kreativwerkstatt<\/h5>\n<p>Ein Herzliches Vergelt`s Gott den Elternbeir\u00e4ten, den Kuchenspendern und den &#8222;Kuchengenie\u00dfern&#8220; sagen die Kids vom Kinderhaus und das ganze Team<\/p>\n","protected":false},"excerpt":{"rendered":"<p>Der Elternbeirat braucht Unterst\u00fctzung!!!!! Es ist wieder soweit: Unser flei\u00dfiger Elternbeirat veranstaltet am Sonntag einen Kuchenverkauf nach den Gottesdiensten um 8.30 Uhr und 10.30 Uhr bei der Stadtpfarrkirche ( je nach Wetter im Eingangsbereich\/Vorhof der Kirche oder im Foyer des Pfarrheims).\u00a0\u00a0\u00a0\u00a0\u00a0\u00a0\u00a0\u00a0\u00a0\u00a0\u00a0\u00a0\u00a0\u00a0\u00a0\u00a0\u00a0\u00a0\u00a0\u00a0\u00a0\u00a0\u00a0\u00a0\u00a0\u00a0\u00a0\u00a0\u00a0\u00a0\u00a0\u00a0\u00a0 \u00a0 \u00a0 \u00a0 \u00a0 \u00a0 \u00a0 \u00a0 \u00a0 \u00a0 \u00a0 \u00a0 \u00a0 \u00a0 \u00a0 &hellip; <a href=\"https:\/\/kinderhaus.pfarrei-badkoetzting.de\/?p=661\" class=\"more-link\"><span class=\"screen-reader-text\">Kuchenverkauf 19. M\u00e4rz<\/span> weiterlesen <span class=\"meta-nav\">&rarr;<\/span><\/a><\/p>\n","protected":false},"author":5,"featured_media":0,"comment_status":"closed","ping_status":"closed","sticky":false,"template":"","format":"standard","meta":[],"categories":[1],"tags":[],"_links":{"self":[{"href":"https:\/\/kinderhaus.pfarrei-badkoetzting.de\/index.php?rest_route=\/wp\/v2\/posts\/661"}],"collection":[{"href":"https:\/\/kinderhaus.pfarrei-badkoetzting.de\/index.php?rest_route=\/wp\/v2\/posts"}],"about":[{"href":"https:\/\/kinderhaus.pfarrei-badkoetzting.de\/index.php?rest_route=\/wp\/v2\/types\/post"}],"author":[{"embeddable":true,"href":"https:\/\/kinderhaus.pfarrei-badkoetzting.de\/index.php?rest_route=\/wp\/v2\/users\/5"}],"replies":[{"embeddable":true,"href":"https:\/\/kinderhaus.pfarrei-badkoetzting.de\/index.php?rest_route=%2Fwp%2Fv2%2Fcomments&post=661"}],"version-history":[{"count":3,"href":"https:\/\/kinderhaus.pfarrei-badkoetzting.de\/index.php?rest_route=\/wp\/v2\/posts\/661\/revisions"}],"predecessor-version":[{"id":670,"href":"https:\/\/kinderhaus.pfarrei-badkoetzting.de\/index.php?rest_route=\/wp\/v2\/posts\/661\/revisions\/670"}],"wp:attachment":[{"href":"https:\/\/kinderhaus.pfarrei-badkoetzting.de\/index.php?rest_route=%2Fwp%2Fv2%2Fmedia&parent=661"}],"wp:term":[{"taxonomy":"category","embeddable":true,"href":"https:\/\/kinderhaus.pfarrei-badkoetzting.de\/index.php?rest_route=%2Fwp%2Fv2%2Fcategories&post=661"},{"taxonomy":"post_tag","embeddable":true,"href":"https:\/\/kinderhaus.pfarrei-badkoetzting.de\/index.php?rest_route=%2Fwp%2Fv2%2Ftags&post=661"}],"curies":[{"name":"wp","href":"https:\/\/api.w.org\/{rel}","templated":true}]}}