{"id":640,"date":"2017-02-28T17:15:38","date_gmt":"2017-02-28T16:15:38","guid":{"rendered":"http:\/\/kinderhaus.pfarrei-badkoetzting.de\/?p=640"},"modified":"2017-03-01T11:31:42","modified_gmt":"2017-03-01T10:31:42","slug":"fasching","status":"publish","type":"post","link":"https:\/\/kinderhaus.pfarrei-badkoetzting.de\/?p=640","title":{"rendered":"Fasching !!!!!!"},"content":{"rendered":"<h4>R\u00e4uber zu Besuch im Kindergarten !<\/h4>\n<p>Ja Potzblitz ! \u00a0Welch schauderhafte Gestalten schleichen sich in diesen Tagen blo\u00df hier herum ? Tats\u00e4chlich: Am Mittwoch war das Figurentheater Ingolstadt mitsamt\u00a0 Kasperl, Seppel, dem R\u00e4uber Hotzenplotz, dem Zauberer und der Fee Amaryllis hier, um den Kindern eine sch\u00f6ne Geschichte vorzuspielen.<img decoding=\"async\" loading=\"lazy\" class=\"aligncenter size-medium wp-image-645\" src=\"https:\/\/kinderhaus.pfarrei-badkoetzting.de\/wordpress\/wp-content\/uploads\/2017\/02\/IMG_7909-300x200.jpg\" alt=\"\" width=\"300\" height=\"200\" srcset=\"https:\/\/kinderhaus.pfarrei-badkoetzting.de\/wordpress\/wp-content\/uploads\/2017\/02\/IMG_7909-300x200.jpg 300w, https:\/\/kinderhaus.pfarrei-badkoetzting.de\/wordpress\/wp-content\/uploads\/2017\/02\/IMG_7909-768x512.jpg 768w, https:\/\/kinderhaus.pfarrei-badkoetzting.de\/wordpress\/wp-content\/uploads\/2017\/02\/IMG_7909-1024x683.jpg 1024w, https:\/\/kinderhaus.pfarrei-badkoetzting.de\/wordpress\/wp-content\/uploads\/2017\/02\/IMG_7909.jpg 1500w\" sizes=\"(max-width: 300px) 100vw, 300px\" \/><\/p>\n<p>Nachdem unser Faschingsthema heuer der R\u00e4uber Hotzenplotz ist, kennen sich die Kinder nat\u00fcrlich gut aus. Schon im Vorfeld wurden viele Geschichten gelesen, die Zimmer entsprechend geschm\u00fcckt und vielerlei zum Thema gebastelt.<\/p>\n<p>Auch am unsinnigen Donnerstag waren etliche R\u00e4uber, Seppels und Prinzessinnen vertreten- nat\u00fcrlich aber auch Polizisten, Feen, Hexen, Tiere usw. Mit gro\u00dfer Erwartung und viel Spa\u00df wurde der Fasching in beiden H\u00e4usern gefeiert. Bei Tanzmusik, R\u00e4uberbuffet, vielen Spielen und einer Verlosung war etliches geboten.<img decoding=\"async\" loading=\"lazy\" class=\"aligncenter size-medium wp-image-647\" src=\"https:\/\/kinderhaus.pfarrei-badkoetzting.de\/wordpress\/wp-content\/uploads\/2017\/02\/IMG_7936-200x300.jpg\" alt=\"\" width=\"200\" height=\"300\" srcset=\"https:\/\/kinderhaus.pfarrei-badkoetzting.de\/wordpress\/wp-content\/uploads\/2017\/02\/IMG_7936-200x300.jpg 200w, https:\/\/kinderhaus.pfarrei-badkoetzting.de\/wordpress\/wp-content\/uploads\/2017\/02\/IMG_7936-768x1152.jpg 768w, https:\/\/kinderhaus.pfarrei-badkoetzting.de\/wordpress\/wp-content\/uploads\/2017\/02\/IMG_7936-683x1024.jpg 683w, https:\/\/kinderhaus.pfarrei-badkoetzting.de\/wordpress\/wp-content\/uploads\/2017\/02\/IMG_7936.jpg 1500w\" sizes=\"(max-width: 200px) 100vw, 200px\" \/><\/p>\n<p>Ja und dann bekamen wir noch Besuch von den n\u00e4rrischen Weibern der Festspielgemeinschaft mit Akkordeon und Gesang! Gemeinsam sangen und tanzten wir das Fliegerlied, dann mussten die Damen wieder weiterziehen.<img decoding=\"async\" loading=\"lazy\" class=\"aligncenter wp-image-643\" src=\"https:\/\/kinderhaus.pfarrei-badkoetzting.de\/wordpress\/wp-content\/uploads\/2017\/02\/IMG_7940-300x200.jpg\" alt=\"\" width=\"478\" height=\"318\" srcset=\"https:\/\/kinderhaus.pfarrei-badkoetzting.de\/wordpress\/wp-content\/uploads\/2017\/02\/IMG_7940-300x200.jpg 300w, https:\/\/kinderhaus.pfarrei-badkoetzting.de\/wordpress\/wp-content\/uploads\/2017\/02\/IMG_7940-768x512.jpg 768w, https:\/\/kinderhaus.pfarrei-badkoetzting.de\/wordpress\/wp-content\/uploads\/2017\/02\/IMG_7940-1024x683.jpg 1024w, https:\/\/kinderhaus.pfarrei-badkoetzting.de\/wordpress\/wp-content\/uploads\/2017\/02\/IMG_7940.jpg 1500w\" sizes=\"(max-width: 478px) 100vw, 478px\" \/><\/p>\n<p>Ein letztes Wort zum Schluss:<\/p>\n<p>Gl\u00fcckliche Kinderaugen haben es verraten:\u00a0\u00a0\u00a0\u00a0 Heute war ein sch\u00f6ner Tag im Kindergarten!!!!!<\/p>\n","protected":false},"excerpt":{"rendered":"<p>R\u00e4uber zu Besuch im Kindergarten ! Ja Potzblitz ! \u00a0Welch schauderhafte Gestalten schleichen sich in diesen Tagen blo\u00df hier herum ? Tats\u00e4chlich: Am Mittwoch war das Figurentheater Ingolstadt mitsamt\u00a0 Kasperl, Seppel, dem R\u00e4uber Hotzenplotz, dem Zauberer und der Fee Amaryllis hier, um den Kindern eine sch\u00f6ne Geschichte vorzuspielen. Nachdem unser Faschingsthema heuer der R\u00e4uber Hotzenplotz &hellip; <a href=\"https:\/\/kinderhaus.pfarrei-badkoetzting.de\/?p=640\" class=\"more-link\"><span class=\"screen-reader-text\">Fasching !!!!!!<\/span> weiterlesen <span class=\"meta-nav\">&rarr;<\/span><\/a><\/p>\n","protected":false},"author":5,"featured_media":0,"comment_status":"closed","ping_status":"closed","sticky":false,"template":"","format":"standard","meta":[],"categories":[1],"tags":[],"_links":{"self":[{"href":"https:\/\/kinderhaus.pfarrei-badkoetzting.de\/index.php?rest_route=\/wp\/v2\/posts\/640"}],"collection":[{"href":"https:\/\/kinderhaus.pfarrei-badkoetzting.de\/index.php?rest_route=\/wp\/v2\/posts"}],"about":[{"href":"https:\/\/kinderhaus.pfarrei-badkoetzting.de\/index.php?rest_route=\/wp\/v2\/types\/post"}],"author":[{"embeddable":true,"href":"https:\/\/kinderhaus.pfarrei-badkoetzting.de\/index.php?rest_route=\/wp\/v2\/users\/5"}],"replies":[{"embeddable":true,"href":"https:\/\/kinderhaus.pfarrei-badkoetzting.de\/index.php?rest_route=%2Fwp%2Fv2%2Fcomments&post=640"}],"version-history":[{"count":5,"href":"https:\/\/kinderhaus.pfarrei-badkoetzting.de\/index.php?rest_route=\/wp\/v2\/posts\/640\/revisions"}],"predecessor-version":[{"id":651,"href":"https:\/\/kinderhaus.pfarrei-badkoetzting.de\/index.php?rest_route=\/wp\/v2\/posts\/640\/revisions\/651"}],"wp:attachment":[{"href":"https:\/\/kinderhaus.pfarrei-badkoetzting.de\/index.php?rest_route=%2Fwp%2Fv2%2Fmedia&parent=640"}],"wp:term":[{"taxonomy":"category","embeddable":true,"href":"https:\/\/kinderhaus.pfarrei-badkoetzting.de\/index.php?rest_route=%2Fwp%2Fv2%2Fcategories&post=640"},{"taxonomy":"post_tag","embeddable":true,"href":"https:\/\/kinderhaus.pfarrei-badkoetzting.de\/index.php?rest_route=%2Fwp%2Fv2%2Ftags&post=640"}],"curies":[{"name":"wp","href":"https:\/\/api.w.org\/{rel}","templated":true}]}}