{"id":1856,"date":"2020-03-11T19:38:11","date_gmt":"2020-03-11T18:38:11","guid":{"rendered":"http:\/\/kinderhaus.pfarrei-badkoetzting.de\/?p=1856"},"modified":"2020-03-11T19:38:12","modified_gmt":"2020-03-11T18:38:12","slug":"fasching-im-kinderhaus","status":"publish","type":"post","link":"https:\/\/kinderhaus.pfarrei-badkoetzting.de\/?p=1856","title":{"rendered":"Fasching im Kinderhaus"},"content":{"rendered":"\n<p>Am unsinnigen Donnerstag war es endlich wieder so weit; Unsere Kinder freuten sich schon darauf, wieder kost\u00fcmiert und geschminkt in den Kindergarten zu kommen. Und dann ging das bunte Treiben auch schon los! Clowns, Cowboys, Prinzessinnen und Feen, und vieles mehr tanzten, spielten und vergn\u00fcgten sich in den phantasievoll geschm\u00fcckten R\u00e4umen. Da gab es auch ein Buffet mit leckeren Naschereien und es wurde gemeinsam gegessen. Ein H\u00f6hepunkt war sicherlich wieder das Ingolst\u00e4dter Figurentheater, das dieses Jahr das St\u00fcck vom Tafiti, dem Erdm\u00e4nnchen spielte, dassich mit seinem Freund Pinselohrschwein auf eine spannende Reise begab.<\/p>\n\n\n\n<p>Tja und bis man sich\u00b4s versah, war der Tag auch schon wieder vorbei. Doch wie hei\u00dft es so sch\u00f6n: Nach dem Fasching ist vor dem Fasching&#8230;\u2026\u2026&#8230;<\/p>\n\n\n\n<div class=\"wp-block-image\"><figure class=\"alignleft size-large is-resized\"><img decoding=\"async\" loading=\"lazy\" src=\"https:\/\/kinderhaus.pfarrei-badkoetzting.de\/wordpress\/wp-content\/uploads\/2020\/03\/20200220_1018121-scaled.jpg\" alt=\"\" class=\"wp-image-1848\" width=\"416\" height=\"312\" srcset=\"https:\/\/kinderhaus.pfarrei-badkoetzting.de\/wordpress\/wp-content\/uploads\/2020\/03\/20200220_1018121-scaled.jpg 2560w, https:\/\/kinderhaus.pfarrei-badkoetzting.de\/wordpress\/wp-content\/uploads\/2020\/03\/20200220_1018121-300x225.jpg 300w, https:\/\/kinderhaus.pfarrei-badkoetzting.de\/wordpress\/wp-content\/uploads\/2020\/03\/20200220_1018121-768x576.jpg 768w, https:\/\/kinderhaus.pfarrei-badkoetzting.de\/wordpress\/wp-content\/uploads\/2020\/03\/20200220_1018121-1536x1152.jpg 1536w, https:\/\/kinderhaus.pfarrei-badkoetzting.de\/wordpress\/wp-content\/uploads\/2020\/03\/20200220_1018121-2048x1536.jpg 2048w\" sizes=\"(max-width: 416px) 100vw, 416px\" \/><\/figure><\/div>\n\n\n\n<div class=\"wp-block-image\"><figure class=\"alignright size-large is-resized\"><img decoding=\"async\" loading=\"lazy\" src=\"https:\/\/kinderhaus.pfarrei-badkoetzting.de\/wordpress\/wp-content\/uploads\/2020\/03\/20200220_1035581-scaled.jpg\" alt=\"\" class=\"wp-image-1850\" width=\"426\" height=\"320\" srcset=\"https:\/\/kinderhaus.pfarrei-badkoetzting.de\/wordpress\/wp-content\/uploads\/2020\/03\/20200220_1035581-scaled.jpg 2560w, https:\/\/kinderhaus.pfarrei-badkoetzting.de\/wordpress\/wp-content\/uploads\/2020\/03\/20200220_1035581-300x225.jpg 300w, https:\/\/kinderhaus.pfarrei-badkoetzting.de\/wordpress\/wp-content\/uploads\/2020\/03\/20200220_1035581-768x576.jpg 768w, https:\/\/kinderhaus.pfarrei-badkoetzting.de\/wordpress\/wp-content\/uploads\/2020\/03\/20200220_1035581-1536x1152.jpg 1536w, https:\/\/kinderhaus.pfarrei-badkoetzting.de\/wordpress\/wp-content\/uploads\/2020\/03\/20200220_1035581-2048x1536.jpg 2048w\" sizes=\"(max-width: 426px) 100vw, 426px\" \/><\/figure><\/div>\n","protected":false},"excerpt":{"rendered":"<p>Am unsinnigen Donnerstag war es endlich wieder so weit; Unsere Kinder freuten sich schon darauf, wieder kost\u00fcmiert und geschminkt in den Kindergarten zu kommen. Und dann ging das bunte Treiben auch schon los! Clowns, Cowboys, Prinzessinnen und Feen, und vieles mehr tanzten, spielten und vergn\u00fcgten sich in den phantasievoll geschm\u00fcckten R\u00e4umen. Da gab es auch &hellip; <a href=\"https:\/\/kinderhaus.pfarrei-badkoetzting.de\/?p=1856\" class=\"more-link\"><span class=\"screen-reader-text\">Fasching im Kinderhaus<\/span> weiterlesen <span class=\"meta-nav\">&rarr;<\/span><\/a><\/p>\n","protected":false},"author":5,"featured_media":0,"comment_status":"closed","ping_status":"closed","sticky":false,"template":"","format":"standard","meta":[],"categories":[1],"tags":[],"_links":{"self":[{"href":"https:\/\/kinderhaus.pfarrei-badkoetzting.de\/index.php?rest_route=\/wp\/v2\/posts\/1856"}],"collection":[{"href":"https:\/\/kinderhaus.pfarrei-badkoetzting.de\/index.php?rest_route=\/wp\/v2\/posts"}],"about":[{"href":"https:\/\/kinderhaus.pfarrei-badkoetzting.de\/index.php?rest_route=\/wp\/v2\/types\/post"}],"author":[{"embeddable":true,"href":"https:\/\/kinderhaus.pfarrei-badkoetzting.de\/index.php?rest_route=\/wp\/v2\/users\/5"}],"replies":[{"embeddable":true,"href":"https:\/\/kinderhaus.pfarrei-badkoetzting.de\/index.php?rest_route=%2Fwp%2Fv2%2Fcomments&post=1856"}],"version-history":[{"count":1,"href":"https:\/\/kinderhaus.pfarrei-badkoetzting.de\/index.php?rest_route=\/wp\/v2\/posts\/1856\/revisions"}],"predecessor-version":[{"id":1857,"href":"https:\/\/kinderhaus.pfarrei-badkoetzting.de\/index.php?rest_route=\/wp\/v2\/posts\/1856\/revisions\/1857"}],"wp:attachment":[{"href":"https:\/\/kinderhaus.pfarrei-badkoetzting.de\/index.php?rest_route=%2Fwp%2Fv2%2Fmedia&parent=1856"}],"wp:term":[{"taxonomy":"category","embeddable":true,"href":"https:\/\/kinderhaus.pfarrei-badkoetzting.de\/index.php?rest_route=%2Fwp%2Fv2%2Fcategories&post=1856"},{"taxonomy":"post_tag","embeddable":true,"href":"https:\/\/kinderhaus.pfarrei-badkoetzting.de\/index.php?rest_route=%2Fwp%2Fv2%2Ftags&post=1856"}],"curies":[{"name":"wp","href":"https:\/\/api.w.org\/{rel}","templated":true}]}}