{"id":1670,"date":"2019-07-09T20:34:33","date_gmt":"2019-07-09T18:34:33","guid":{"rendered":"http:\/\/kinderhaus.pfarrei-badkoetzting.de\/?p=1670"},"modified":"2019-07-10T19:19:13","modified_gmt":"2019-07-10T17:19:13","slug":"maifest","status":"publish","type":"post","link":"https:\/\/kinderhaus.pfarrei-badkoetzting.de\/?p=1670","title":{"rendered":"Maifest"},"content":{"rendered":"<p>&nbsp;<\/p>\n<p><img decoding=\"async\" loading=\"lazy\" class=\"aligncenter size-full wp-image-1672\" src=\"https:\/\/kinderhaus.pfarrei-badkoetzting.de\/wordpress\/wp-content\/uploads\/2019\/07\/IMG_9840-2.jpg\" alt=\"\" width=\"1024\" height=\"682\" srcset=\"https:\/\/kinderhaus.pfarrei-badkoetzting.de\/wordpress\/wp-content\/uploads\/2019\/07\/IMG_9840-2.jpg 1024w, https:\/\/kinderhaus.pfarrei-badkoetzting.de\/wordpress\/wp-content\/uploads\/2019\/07\/IMG_9840-2-300x200.jpg 300w, https:\/\/kinderhaus.pfarrei-badkoetzting.de\/wordpress\/wp-content\/uploads\/2019\/07\/IMG_9840-2-768x512.jpg 768w\" sizes=\"(max-width: 1024px) 100vw, 1024px\" \/><\/p>\n<p>Gro\u00df und Klein haben am Sonntag eintr\u00e4chtig zusammen das Sommerfest des Kinderhauses gefeiert. Man hatte schon lange nicht mehr ein solches &#8222;Gro\u00dfaufgebot&#8220; im Garten des Kinderhauses. Wie Kinderhausleiterin Ramona M\u00fcller mitteilte, hielt man abwechselnd zwischen den Jahren, wenn kein Kinderb\u00fcrgerfest in K\u00f6tzting stattfand, ein Sommerfest. Doch die letzten seien immer dem schlechten Wetter zum Opfer gefallen.<\/p>\n<p>Zum Sommerfest waren nicht nur viele Eltern gekommen, sondern auch Stadtpfarrer Herbert Mader, B\u00fcrgermeister Markus Hofmann und Grundschulrektor Michael Prager. \u00a0 \u00a0 \u00a0 \u00a0 \u00a0 \u00a0 \u00a0 \u00a0 \u00a0 \u00a0 \u00a0 \u00a0 \u00a0 \u00a0 \u00a0 \u00a0 \u00a0 \u00a0 \u00a0 \u00a0 \u00a0\u00a0 Leiterin Ramona M\u00fcller dankte vorab allen f\u00fcr die Unterst\u00fctzung, auch dem st\u00e4dtischen Bauhof.<\/p>\n<p>Die Kinder aus den verschiedenen Gruppen zeigten Darbietungen zum Thema Kneipp und danach war einfach gem\u00fctliches Beisammensein mit Kuchen und Brotzeiten des Elternbeirats angesagt. F\u00fcr die Kinder gab es verschiedene Besch\u00e4ftigungsangebote.<\/p>\n<p><img decoding=\"async\" loading=\"lazy\" class=\"aligncenter wp-image-1673\" src=\"https:\/\/kinderhaus.pfarrei-badkoetzting.de\/wordpress\/wp-content\/uploads\/2019\/07\/IMG_9841.jpg\" alt=\"\" width=\"390\" height=\"585\" srcset=\"https:\/\/kinderhaus.pfarrei-badkoetzting.de\/wordpress\/wp-content\/uploads\/2019\/07\/IMG_9841.jpg 683w, https:\/\/kinderhaus.pfarrei-badkoetzting.de\/wordpress\/wp-content\/uploads\/2019\/07\/IMG_9841-200x300.jpg 200w\" sizes=\"(max-width: 390px) 100vw, 390px\" \/><\/p>\n<p>Start war um 13.30 Uhr mit dem Kinderhauslied &#8222;Hei di, hei da, wir Kinderhauskinder, wir sind da, hurra!&#8220; Danach pr\u00e4sentierten man mit Lukas Kastl den eigenen Pfarrer Kneipp des Kinderhauses, der auch die entsprechende Kneippkleidung trug. Die kleinen Mitwirkenden taten kund, dass sie \u00a0 \u00a0 \u00a0 \u00a0\u00a0 Pfarrer Kneipp lieben. Verschiedene Kindergruppen, wie beispielsweise die Mondgruppe, die Dinogruppe oder die Tigerentengruppe, betraten nacheinander die B\u00fchne und sie zeigten die f\u00fcnf tragenden S\u00e4ulen der Kneipp`schen Lehre, angefangen von der Bewegung, Ern\u00e4hrung und der Kr\u00e4uterkunde \u00fcber das Wassertreten bis hin zur Ordnungslehre.<\/p>\n<p><img decoding=\"async\" loading=\"lazy\" class=\"wp-image-1674 alignleft\" src=\"https:\/\/kinderhaus.pfarrei-badkoetzting.de\/wordpress\/wp-content\/uploads\/2019\/07\/IMG_9850.jpg\" alt=\"\" width=\"473\" height=\"315\" srcset=\"https:\/\/kinderhaus.pfarrei-badkoetzting.de\/wordpress\/wp-content\/uploads\/2019\/07\/IMG_9850.jpg 1024w, https:\/\/kinderhaus.pfarrei-badkoetzting.de\/wordpress\/wp-content\/uploads\/2019\/07\/IMG_9850-300x200.jpg 300w, https:\/\/kinderhaus.pfarrei-badkoetzting.de\/wordpress\/wp-content\/uploads\/2019\/07\/IMG_9850-768x512.jpg 768w\" sizes=\"(max-width: 473px) 100vw, 473px\" \/><\/p>\n<p>&nbsp;<\/p>\n<p>&nbsp;<\/p>\n<p>&nbsp;<\/p>\n<p>&nbsp;<\/p>\n<p>&nbsp;<\/p>\n<p><img decoding=\"async\" loading=\"lazy\" class=\"aligncenter wp-image-1675\" src=\"https:\/\/kinderhaus.pfarrei-badkoetzting.de\/wordpress\/wp-content\/uploads\/2019\/07\/IMG_9876.jpg\" alt=\"\" width=\"500\" height=\"334\" srcset=\"https:\/\/kinderhaus.pfarrei-badkoetzting.de\/wordpress\/wp-content\/uploads\/2019\/07\/IMG_9876.jpg 1024w, https:\/\/kinderhaus.pfarrei-badkoetzting.de\/wordpress\/wp-content\/uploads\/2019\/07\/IMG_9876-300x200.jpg 300w, https:\/\/kinderhaus.pfarrei-badkoetzting.de\/wordpress\/wp-content\/uploads\/2019\/07\/IMG_9876-768x512.jpg 768w\" sizes=\"(max-width: 500px) 100vw, 500px\" \/><\/p>\n<p>&nbsp;<\/p>\n<p><img decoding=\"async\" loading=\"lazy\" class=\"aligncenter wp-image-1676\" src=\"https:\/\/kinderhaus.pfarrei-badkoetzting.de\/wordpress\/wp-content\/uploads\/2019\/07\/IMG_9904.jpg\" alt=\"\" width=\"528\" height=\"352\" srcset=\"https:\/\/kinderhaus.pfarrei-badkoetzting.de\/wordpress\/wp-content\/uploads\/2019\/07\/IMG_9904.jpg 1024w, https:\/\/kinderhaus.pfarrei-badkoetzting.de\/wordpress\/wp-content\/uploads\/2019\/07\/IMG_9904-300x200.jpg 300w, https:\/\/kinderhaus.pfarrei-badkoetzting.de\/wordpress\/wp-content\/uploads\/2019\/07\/IMG_9904-768x512.jpg 768w\" sizes=\"(max-width: 528px) 100vw, 528px\" \/><\/p>\n<p>&nbsp;<\/p>\n<p><img decoding=\"async\" loading=\"lazy\" class=\"aligncenter wp-image-1677 \" src=\"https:\/\/kinderhaus.pfarrei-badkoetzting.de\/wordpress\/wp-content\/uploads\/2019\/07\/IMG_9915-e1562697225623.jpg\" alt=\"\" width=\"356\" height=\"534\" srcset=\"https:\/\/kinderhaus.pfarrei-badkoetzting.de\/wordpress\/wp-content\/uploads\/2019\/07\/IMG_9915-e1562697225623.jpg 683w, https:\/\/kinderhaus.pfarrei-badkoetzting.de\/wordpress\/wp-content\/uploads\/2019\/07\/IMG_9915-e1562697225623-200x300.jpg 200w\" sizes=\"(max-width: 356px) 100vw, 356px\" \/><\/p>\n<p>&nbsp;<\/p>\n<p>Die vielen Zuschauer waren begeistert. Es wurde viel gefilmt, fotografiert und Applaus gespendet. \u00a0 Froh waren alle dar\u00fcber, dass dieses Mal das Wetter mitspielte.<\/p>\n<p>&nbsp;<\/p>\n<h2><span style=\"color: #00ff00;\">============================<\/span><\/h2>\n","protected":false},"excerpt":{"rendered":"<p>&nbsp; Gro\u00df und Klein haben am Sonntag eintr\u00e4chtig zusammen das Sommerfest des Kinderhauses gefeiert. Man hatte schon lange nicht mehr ein solches &#8222;Gro\u00dfaufgebot&#8220; im Garten des Kinderhauses. Wie Kinderhausleiterin Ramona M\u00fcller mitteilte, hielt man abwechselnd zwischen den Jahren, wenn kein Kinderb\u00fcrgerfest in K\u00f6tzting stattfand, ein Sommerfest. Doch die letzten seien immer dem schlechten Wetter zum &hellip; <a href=\"https:\/\/kinderhaus.pfarrei-badkoetzting.de\/?p=1670\" class=\"more-link\"><span class=\"screen-reader-text\">Maifest<\/span> weiterlesen <span class=\"meta-nav\">&rarr;<\/span><\/a><\/p>\n","protected":false},"author":5,"featured_media":0,"comment_status":"closed","ping_status":"closed","sticky":false,"template":"","format":"standard","meta":[],"categories":[1],"tags":[],"_links":{"self":[{"href":"https:\/\/kinderhaus.pfarrei-badkoetzting.de\/index.php?rest_route=\/wp\/v2\/posts\/1670"}],"collection":[{"href":"https:\/\/kinderhaus.pfarrei-badkoetzting.de\/index.php?rest_route=\/wp\/v2\/posts"}],"about":[{"href":"https:\/\/kinderhaus.pfarrei-badkoetzting.de\/index.php?rest_route=\/wp\/v2\/types\/post"}],"author":[{"embeddable":true,"href":"https:\/\/kinderhaus.pfarrei-badkoetzting.de\/index.php?rest_route=\/wp\/v2\/users\/5"}],"replies":[{"embeddable":true,"href":"https:\/\/kinderhaus.pfarrei-badkoetzting.de\/index.php?rest_route=%2Fwp%2Fv2%2Fcomments&post=1670"}],"version-history":[{"count":3,"href":"https:\/\/kinderhaus.pfarrei-badkoetzting.de\/index.php?rest_route=\/wp\/v2\/posts\/1670\/revisions"}],"predecessor-version":[{"id":1682,"href":"https:\/\/kinderhaus.pfarrei-badkoetzting.de\/index.php?rest_route=\/wp\/v2\/posts\/1670\/revisions\/1682"}],"wp:attachment":[{"href":"https:\/\/kinderhaus.pfarrei-badkoetzting.de\/index.php?rest_route=%2Fwp%2Fv2%2Fmedia&parent=1670"}],"wp:term":[{"taxonomy":"category","embeddable":true,"href":"https:\/\/kinderhaus.pfarrei-badkoetzting.de\/index.php?rest_route=%2Fwp%2Fv2%2Fcategories&post=1670"},{"taxonomy":"post_tag","embeddable":true,"href":"https:\/\/kinderhaus.pfarrei-badkoetzting.de\/index.php?rest_route=%2Fwp%2Fv2%2Ftags&post=1670"}],"curies":[{"name":"wp","href":"https:\/\/api.w.org\/{rel}","templated":true}]}}