{"id":1333,"date":"2018-08-30T20:42:13","date_gmt":"2018-08-30T18:42:13","guid":{"rendered":"http:\/\/kinderhaus.pfarrei-badkoetzting.de\/?p=1333"},"modified":"2018-10-16T21:18:24","modified_gmt":"2018-10-16T19:18:24","slug":"uebernachtung","status":"publish","type":"post","link":"https:\/\/kinderhaus.pfarrei-badkoetzting.de\/?p=1333","title":{"rendered":"\u00dcbernachtung"},"content":{"rendered":"<p>Wie jedes Jahr, so durften auch heuer unsere Vorschulkinder im Kindergarten \u00fcbernachten. Zuvor ging es aber mit dem Bus nach Furth im Wald. Dort erkundeten wir die Felseng\u00e4nge und h\u00f6rten dabei interessante Geschichten von fr\u00fcher. Zur St\u00e4rkung gab es dann im Gasthaus Fellner ein kleines Abendessen, bevor wir uns zum H\u00f6hepunkt unseres Abenteuerausfluges aufmachten. Denn es ging dann zur H\u00f6hle von &#8222;Fanny&#8220; dem Further Drachen.<\/p>\n<p><img decoding=\"async\" loading=\"lazy\" class=\"aligncenter wp-image-1340\" src=\"https:\/\/kinderhaus.pfarrei-badkoetzting.de\/wordpress\/wp-content\/uploads\/2018\/08\/20180727_205400-1.jpg\" alt=\"\" width=\"323\" height=\"574\" srcset=\"https:\/\/kinderhaus.pfarrei-badkoetzting.de\/wordpress\/wp-content\/uploads\/2018\/08\/20180727_205400-1.jpg 527w, https:\/\/kinderhaus.pfarrei-badkoetzting.de\/wordpress\/wp-content\/uploads\/2018\/08\/20180727_205400-1-169x300.jpg 169w\" sizes=\"(max-width: 323px) 100vw, 323px\" \/><br \/>\nNach einer kleinen F\u00fchrung durch die Drachenh\u00f6hle,- wo Fanny auf uns wartete &#8211; durften wir mit Ihr zum Stadtplatz von Furth im Wald gehen, wo gerade die Probe zum Further Drachenstich stattfand. Dort angekommen konnten wir einen Teil der Probe erleben. Am Ende der Probe kam Fanny in die Arena und Ritter Udo \u00fcbte mit seinem Pferd den Stich mit der Lanze. Zum Abschied hat Fanny dann noch f\u00fcr uns Feuer gespuckt. Nach diesem beeindruckendem Schauspiel fuhren wir zur\u00fcck zum Kindergarten. M\u00fcde und gl\u00fccklich verbrachten die Kinder eine gute Nacht. Nach einem gemeinsamen Fr\u00fchst\u00fcck wurden die Kinder von Ihren Eltern abgeholt. Es war ein tolles Erlebnis f\u00fcr die Kinder !!!!!<br \/>\n<img decoding=\"async\" loading=\"lazy\" class=\"wp-image-1337 alignleft\" src=\"https:\/\/kinderhaus.pfarrei-badkoetzting.de\/wordpress\/wp-content\/uploads\/2018\/08\/20180727_214236.jpg\" alt=\"\" width=\"266\" height=\"472\" srcset=\"https:\/\/kinderhaus.pfarrei-badkoetzting.de\/wordpress\/wp-content\/uploads\/2018\/08\/20180727_214236.jpg 1000w, https:\/\/kinderhaus.pfarrei-badkoetzting.de\/wordpress\/wp-content\/uploads\/2018\/08\/20180727_214236-169x300.jpg 169w, https:\/\/kinderhaus.pfarrei-badkoetzting.de\/wordpress\/wp-content\/uploads\/2018\/08\/20180727_214236-768x1365.jpg 768w, https:\/\/kinderhaus.pfarrei-badkoetzting.de\/wordpress\/wp-content\/uploads\/2018\/08\/20180727_214236-576x1024.jpg 576w\" sizes=\"(max-width: 266px) 100vw, 266px\" \/><\/p>\n<p>&nbsp;<\/p>\n<p>&nbsp;<\/p>\n<p>&nbsp;<\/p>\n<p>&nbsp;<\/p>\n<p>&nbsp;<\/p>\n<p>&nbsp;<\/p>\n<p>&nbsp;<\/p>\n<p>&nbsp;<\/p>\n<p>&nbsp;<\/p>\n<p>&nbsp;<\/p>\n<p><span style=\"color: #ff0000;\">========================================================<\/span><\/p>\n","protected":false},"excerpt":{"rendered":"<p>Wie jedes Jahr, so durften auch heuer unsere Vorschulkinder im Kindergarten \u00fcbernachten. Zuvor ging es aber mit dem Bus nach Furth im Wald. Dort erkundeten wir die Felseng\u00e4nge und h\u00f6rten dabei interessante Geschichten von fr\u00fcher. Zur St\u00e4rkung gab es dann im Gasthaus Fellner ein kleines Abendessen, bevor wir uns zum H\u00f6hepunkt unseres Abenteuerausfluges aufmachten. Denn &hellip; <a href=\"https:\/\/kinderhaus.pfarrei-badkoetzting.de\/?p=1333\" class=\"more-link\"><span class=\"screen-reader-text\">\u00dcbernachtung<\/span> weiterlesen <span class=\"meta-nav\">&rarr;<\/span><\/a><\/p>\n","protected":false},"author":5,"featured_media":0,"comment_status":"closed","ping_status":"closed","sticky":false,"template":"","format":"standard","meta":[],"categories":[1],"tags":[],"_links":{"self":[{"href":"https:\/\/kinderhaus.pfarrei-badkoetzting.de\/index.php?rest_route=\/wp\/v2\/posts\/1333"}],"collection":[{"href":"https:\/\/kinderhaus.pfarrei-badkoetzting.de\/index.php?rest_route=\/wp\/v2\/posts"}],"about":[{"href":"https:\/\/kinderhaus.pfarrei-badkoetzting.de\/index.php?rest_route=\/wp\/v2\/types\/post"}],"author":[{"embeddable":true,"href":"https:\/\/kinderhaus.pfarrei-badkoetzting.de\/index.php?rest_route=\/wp\/v2\/users\/5"}],"replies":[{"embeddable":true,"href":"https:\/\/kinderhaus.pfarrei-badkoetzting.de\/index.php?rest_route=%2Fwp%2Fv2%2Fcomments&post=1333"}],"version-history":[{"count":4,"href":"https:\/\/kinderhaus.pfarrei-badkoetzting.de\/index.php?rest_route=\/wp\/v2\/posts\/1333\/revisions"}],"predecessor-version":[{"id":1357,"href":"https:\/\/kinderhaus.pfarrei-badkoetzting.de\/index.php?rest_route=\/wp\/v2\/posts\/1333\/revisions\/1357"}],"wp:attachment":[{"href":"https:\/\/kinderhaus.pfarrei-badkoetzting.de\/index.php?rest_route=%2Fwp%2Fv2%2Fmedia&parent=1333"}],"wp:term":[{"taxonomy":"category","embeddable":true,"href":"https:\/\/kinderhaus.pfarrei-badkoetzting.de\/index.php?rest_route=%2Fwp%2Fv2%2Fcategories&post=1333"},{"taxonomy":"post_tag","embeddable":true,"href":"https:\/\/kinderhaus.pfarrei-badkoetzting.de\/index.php?rest_route=%2Fwp%2Fv2%2Ftags&post=1333"}],"curies":[{"name":"wp","href":"https:\/\/api.w.org\/{rel}","templated":true}]}}