{"id":1221,"date":"2018-05-30T20:09:03","date_gmt":"2018-05-30T18:09:03","guid":{"rendered":"http:\/\/kinderhaus.pfarrei-badkoetzting.de\/?p=1221"},"modified":"2018-05-30T20:09:03","modified_gmt":"2018-05-30T18:09:03","slug":"planzaktion-der-edeka-stiftung","status":"publish","type":"post","link":"https:\/\/kinderhaus.pfarrei-badkoetzting.de\/?p=1221","title":{"rendered":"Planzaktion der Edeka-Stiftung"},"content":{"rendered":"<p>Jetzt sind wir soweit komplett! Unser 4. Hochbeet ist im Kinderhaus angekommen und gleich bepflanzt worden. Nach den 3 Beeten der Mittelbayerischen Zeitung, d\u00fcrfen wir uns nun also \u00fcber ein weiteres von der Edeka-Stiftung freuen. Aufgestellt wurde es direkt im Eingangsbereich neben dem Lebkuchenh\u00e4uschen. Herzlichen Dank an dieser Stelle auch an Herrn Aschenbrenner mit seinem Team vom Edeka-Gesch\u00e4ft in der Bahnhofstr., der als Pate f\u00fcr dieses Gem\u00fcsebeet fungiert. Mitarbeiter der Edeka-Stiftung bef\u00fcllten vorab das Hochbeet mit Pflanzerde. Anschlie\u00dfend konnten je 3 Kinder pro Gruppe mithelfen, die mitgebrachten Kohlrabis, Karotten, Salate, rote Beete und Gurken einzupflanzen. Als Arbeitsmittel hatten die Kinder Sch\u00fcrzen und Gie\u00dfkannen bekommen. In einer Gespr\u00e4chsrunde wurde auch schon vorhandenes Wissen \u00fcber die verschiedenen Pfl\u00e4nzchen ausgetauscht. Zum Abschluss der Pflanzaktion erhielt jedes Kind eine Urkunde als Gartenexperte, auf die sie sehr stolz waren.<img decoding=\"async\" loading=\"lazy\" class=\"aligncenter size-full wp-image-1223\" src=\"https:\/\/kinderhaus.pfarrei-badkoetzting.de\/wordpress\/wp-content\/uploads\/2018\/05\/P1020006.jpg\" alt=\"\" width=\"1500\" height=\"1125\" srcset=\"https:\/\/kinderhaus.pfarrei-badkoetzting.de\/wordpress\/wp-content\/uploads\/2018\/05\/P1020006.jpg 1500w, https:\/\/kinderhaus.pfarrei-badkoetzting.de\/wordpress\/wp-content\/uploads\/2018\/05\/P1020006-300x225.jpg 300w, https:\/\/kinderhaus.pfarrei-badkoetzting.de\/wordpress\/wp-content\/uploads\/2018\/05\/P1020006-768x576.jpg 768w, https:\/\/kinderhaus.pfarrei-badkoetzting.de\/wordpress\/wp-content\/uploads\/2018\/05\/P1020006-1024x768.jpg 1024w\" sizes=\"(max-width: 1500px) 100vw, 1500px\" \/><br \/>\nNun freuen wir uns, dass jede Gruppe ein Beet pflegen und sich um die Pfl\u00e4nzchen k\u00fcmmern kann, damit wir eine ertragreiche Ernte erhalten.<img decoding=\"async\" loading=\"lazy\" class=\"aligncenter size-full wp-image-1224\" src=\"https:\/\/kinderhaus.pfarrei-badkoetzting.de\/wordpress\/wp-content\/uploads\/2018\/05\/P1020002.jpg\" alt=\"\" width=\"1500\" height=\"1125\" srcset=\"https:\/\/kinderhaus.pfarrei-badkoetzting.de\/wordpress\/wp-content\/uploads\/2018\/05\/P1020002.jpg 1500w, https:\/\/kinderhaus.pfarrei-badkoetzting.de\/wordpress\/wp-content\/uploads\/2018\/05\/P1020002-300x225.jpg 300w, https:\/\/kinderhaus.pfarrei-badkoetzting.de\/wordpress\/wp-content\/uploads\/2018\/05\/P1020002-768x576.jpg 768w, https:\/\/kinderhaus.pfarrei-badkoetzting.de\/wordpress\/wp-content\/uploads\/2018\/05\/P1020002-1024x768.jpg 1024w\" sizes=\"(max-width: 1500px) 100vw, 1500px\" \/><\/p>\n","protected":false},"excerpt":{"rendered":"<p>Jetzt sind wir soweit komplett! Unser 4. Hochbeet ist im Kinderhaus angekommen und gleich bepflanzt worden. Nach den 3 Beeten der Mittelbayerischen Zeitung, d\u00fcrfen wir uns nun also \u00fcber ein weiteres von der Edeka-Stiftung freuen. Aufgestellt wurde es direkt im Eingangsbereich neben dem Lebkuchenh\u00e4uschen. Herzlichen Dank an dieser Stelle auch an Herrn Aschenbrenner mit seinem &hellip; <a href=\"https:\/\/kinderhaus.pfarrei-badkoetzting.de\/?p=1221\" class=\"more-link\"><span class=\"screen-reader-text\">Planzaktion der Edeka-Stiftung<\/span> weiterlesen <span class=\"meta-nav\">&rarr;<\/span><\/a><\/p>\n","protected":false},"author":5,"featured_media":0,"comment_status":"closed","ping_status":"closed","sticky":false,"template":"","format":"standard","meta":[],"categories":[1],"tags":[],"_links":{"self":[{"href":"https:\/\/kinderhaus.pfarrei-badkoetzting.de\/index.php?rest_route=\/wp\/v2\/posts\/1221"}],"collection":[{"href":"https:\/\/kinderhaus.pfarrei-badkoetzting.de\/index.php?rest_route=\/wp\/v2\/posts"}],"about":[{"href":"https:\/\/kinderhaus.pfarrei-badkoetzting.de\/index.php?rest_route=\/wp\/v2\/types\/post"}],"author":[{"embeddable":true,"href":"https:\/\/kinderhaus.pfarrei-badkoetzting.de\/index.php?rest_route=\/wp\/v2\/users\/5"}],"replies":[{"embeddable":true,"href":"https:\/\/kinderhaus.pfarrei-badkoetzting.de\/index.php?rest_route=%2Fwp%2Fv2%2Fcomments&post=1221"}],"version-history":[{"count":2,"href":"https:\/\/kinderhaus.pfarrei-badkoetzting.de\/index.php?rest_route=\/wp\/v2\/posts\/1221\/revisions"}],"predecessor-version":[{"id":1226,"href":"https:\/\/kinderhaus.pfarrei-badkoetzting.de\/index.php?rest_route=\/wp\/v2\/posts\/1221\/revisions\/1226"}],"wp:attachment":[{"href":"https:\/\/kinderhaus.pfarrei-badkoetzting.de\/index.php?rest_route=%2Fwp%2Fv2%2Fmedia&parent=1221"}],"wp:term":[{"taxonomy":"category","embeddable":true,"href":"https:\/\/kinderhaus.pfarrei-badkoetzting.de\/index.php?rest_route=%2Fwp%2Fv2%2Fcategories&post=1221"},{"taxonomy":"post_tag","embeddable":true,"href":"https:\/\/kinderhaus.pfarrei-badkoetzting.de\/index.php?rest_route=%2Fwp%2Fv2%2Ftags&post=1221"}],"curies":[{"name":"wp","href":"https:\/\/api.w.org\/{rel}","templated":true}]}}