{"id":1173,"date":"2018-05-20T20:16:38","date_gmt":"2018-05-20T18:16:38","guid":{"rendered":"http:\/\/kinderhaus.pfarrei-badkoetzting.de\/?p=1173"},"modified":"2018-05-20T21:04:25","modified_gmt":"2018-05-20T19:04:25","slug":"ankneippen-im-kinderhaus","status":"publish","type":"post","link":"https:\/\/kinderhaus.pfarrei-badkoetzting.de\/?p=1173","title":{"rendered":"Ankneippen im Kinderhaus"},"content":{"rendered":"<p>Was die\u00a0 Gro\u00dfen k\u00f6nnen, k\u00f6nnen wir &#8222;Kleinen&#8220; nat\u00fcrlich schon lange. Hat doch Ende April das gro\u00dfe Ankneippen im Kurpark stattgefunden, bei\u00a0dem wir auch mit unseren F\u00fcchsen vertreten waren, so wurde auch im Kinderhaus kurzerhand ein gemeinsames Ankneippen\u00a0 der Kinderhausgruppen eingeplant und durchgef\u00fchrt. Nachdem unser Kneippbecken sch\u00f6n gereinigt und mit frischen Wasser bef\u00fcllt war, sammelten sich nach und nach alle Erzieherinnen mit ihren Gruppen um nach einer kurzen sportlichen Aufw\u00e4rmrunde im\u00a0Storchengang durch das k\u00fchle Nass zu stapfen.\u00a0Ziemlich lustig und erfrischend!\u00a0\u00a0\u00a0 Lauter\u00a0fr\u00f6hliche Gesichter waren zu sehen und die Kinder freuen sich schon auf die n\u00e4chsten &#8222;Kneippanwendungen&#8220;.<\/p>\n<p><img decoding=\"async\" loading=\"lazy\" class=\"aligncenter  wp-image-1179\" src=\"https:\/\/kinderhaus.pfarrei-badkoetzting.de\/wordpress\/wp-content\/uploads\/2018\/05\/P1030498.jpg\" alt=\"\" width=\"468\" height=\"624\" \/><\/p>\n<p><img decoding=\"async\" loading=\"lazy\" class=\"aligncenter size-full wp-image-1175\" src=\"https:\/\/kinderhaus.pfarrei-badkoetzting.de\/wordpress\/wp-content\/uploads\/2018\/05\/P1010893.jpg\" alt=\"\" width=\"1500\" height=\"1125\" srcset=\"https:\/\/kinderhaus.pfarrei-badkoetzting.de\/wordpress\/wp-content\/uploads\/2018\/05\/P1010893.jpg 1500w, https:\/\/kinderhaus.pfarrei-badkoetzting.de\/wordpress\/wp-content\/uploads\/2018\/05\/P1010893-300x225.jpg 300w, https:\/\/kinderhaus.pfarrei-badkoetzting.de\/wordpress\/wp-content\/uploads\/2018\/05\/P1010893-768x576.jpg 768w, https:\/\/kinderhaus.pfarrei-badkoetzting.de\/wordpress\/wp-content\/uploads\/2018\/05\/P1010893-1024x768.jpg 1024w\" sizes=\"(max-width: 1500px) 100vw, 1500px\" \/><\/p>\n","protected":false},"excerpt":{"rendered":"<p>Was die\u00a0 Gro\u00dfen k\u00f6nnen, k\u00f6nnen wir &#8222;Kleinen&#8220; nat\u00fcrlich schon lange. Hat doch Ende April das gro\u00dfe Ankneippen im Kurpark stattgefunden, bei\u00a0dem wir auch mit unseren F\u00fcchsen vertreten waren, so wurde auch im Kinderhaus kurzerhand ein gemeinsames Ankneippen\u00a0 der Kinderhausgruppen eingeplant und durchgef\u00fchrt. Nachdem unser Kneippbecken sch\u00f6n gereinigt und mit frischen Wasser bef\u00fcllt war, sammelten sich &hellip; <a href=\"https:\/\/kinderhaus.pfarrei-badkoetzting.de\/?p=1173\" class=\"more-link\"><span class=\"screen-reader-text\">Ankneippen im Kinderhaus<\/span> weiterlesen <span class=\"meta-nav\">&rarr;<\/span><\/a><\/p>\n","protected":false},"author":5,"featured_media":0,"comment_status":"closed","ping_status":"closed","sticky":false,"template":"","format":"standard","meta":[],"categories":[3],"tags":[],"_links":{"self":[{"href":"https:\/\/kinderhaus.pfarrei-badkoetzting.de\/index.php?rest_route=\/wp\/v2\/posts\/1173"}],"collection":[{"href":"https:\/\/kinderhaus.pfarrei-badkoetzting.de\/index.php?rest_route=\/wp\/v2\/posts"}],"about":[{"href":"https:\/\/kinderhaus.pfarrei-badkoetzting.de\/index.php?rest_route=\/wp\/v2\/types\/post"}],"author":[{"embeddable":true,"href":"https:\/\/kinderhaus.pfarrei-badkoetzting.de\/index.php?rest_route=\/wp\/v2\/users\/5"}],"replies":[{"embeddable":true,"href":"https:\/\/kinderhaus.pfarrei-badkoetzting.de\/index.php?rest_route=%2Fwp%2Fv2%2Fcomments&post=1173"}],"version-history":[{"count":3,"href":"https:\/\/kinderhaus.pfarrei-badkoetzting.de\/index.php?rest_route=\/wp\/v2\/posts\/1173\/revisions"}],"predecessor-version":[{"id":1180,"href":"https:\/\/kinderhaus.pfarrei-badkoetzting.de\/index.php?rest_route=\/wp\/v2\/posts\/1173\/revisions\/1180"}],"wp:attachment":[{"href":"https:\/\/kinderhaus.pfarrei-badkoetzting.de\/index.php?rest_route=%2Fwp%2Fv2%2Fmedia&parent=1173"}],"wp:term":[{"taxonomy":"category","embeddable":true,"href":"https:\/\/kinderhaus.pfarrei-badkoetzting.de\/index.php?rest_route=%2Fwp%2Fv2%2Fcategories&post=1173"},{"taxonomy":"post_tag","embeddable":true,"href":"https:\/\/kinderhaus.pfarrei-badkoetzting.de\/index.php?rest_route=%2Fwp%2Fv2%2Ftags&post=1173"}],"curies":[{"name":"wp","href":"https:\/\/api.w.org\/{rel}","templated":true}]}}