{"id":1030,"date":"2018-02-26T19:57:16","date_gmt":"2018-02-26T18:57:16","guid":{"rendered":"http:\/\/kinderhaus.pfarrei-badkoetzting.de\/?p=1030"},"modified":"2018-02-26T19:57:16","modified_gmt":"2018-02-26T18:57:16","slug":"pack-dir-deine-fruehstuecksbox-selbst","status":"publish","type":"post","link":"https:\/\/kinderhaus.pfarrei-badkoetzting.de\/?p=1030","title":{"rendered":"&#8222;Pack dir deine Fr\u00fchst\u00fccksbox selbst&#8220;"},"content":{"rendered":"<p>Mit der Fr\u00fchst\u00fcckswoche &#8220; Das schmeckt und h\u00e4lt uns fit &#8211; f\u00fcr KITA-Kinder und ihre Eltern&#8220; vom 20. Februar bis 23. Februar 2018 wurde die erste Aktion aus dem Netzwerk Junge Eltern und Familien zu gesunder Ern\u00e4hrung und Bewegung im Kinderhaus in Bad K\u00f6tzting durchgef\u00fchrt.\u00a0\u00a0\u00a0\u00a0\u00a0\u00a0\u00a0\u00a0\u00a0\u00a0\u00a0\u00a0\u00a0\u00a0\u00a0\u00a0\u00a0\u00a0\u00a0\u00a0\u00a0\u00a0\u00a0\u00a0\u00a0\u00a0\u00a0\u00a0\u00a0\u00a0\u00a0\u00a0\u00a0\u00a0\u00a0\u00a0\u00a0\u00a0\u00a0\u00a0\u00a0\u00a0\u00a0\u00a0\u00a0\u00a0\u00a0\u00a0\u00a0\u00a0\u00a0\u00a0\u00a0\u00a0\u00a0\u00a0\u00a0\u00a0\u00a0\u00a0\u00a0\u00a0\u00a0\u00a0\u00a0\u00a0\u00a0\u00a0\u00a0\u00a0\u00a0\u00a0\u00a0\u00a0\u00a0\u00a0\u00a0\u00a0\u00a0\u00a0\u00a0\u00a0\u00a0\u00a0\u00a0\u00a0\u00a0\u00a0\u00a0\u00a0\u00a0\u00a0\u00a0\u00a0\u00a0\u00a0\u00a0\u00a0\u00a0\u00a0\u00a0\u00a0\u00a0\u00a0\u00a0\u00a0\u00a0\u00a0\u00a0\u00a0\u00a0\u00a0\u00a0\u00a0\u00a0\u00a0\u00a0\u00a0\u00a0\u00a0\u00a0\u00a0\u00a0\u00a0\u00a0\u00a0\u00a0\u00a0\u00a0\u00a0\u00a0\u00a0\u00a0\u00a0\u00a0\u00a0\u00a0\u00a0\u00a0\u00a0\u00a0\u00a0\u00a0\u00a0\u00a0\u00a0\u00a0\u00a0\u00a0\u00a0\u00a0\u00a0\u00a0\u00a0 Bei dieser Aktion stand das Bef\u00fcllen von Brotzeitboxen der KITA-Kinder bzw. das Probieren gesunder Pausenbrotalternativen (Gem\u00fcsespie\u00dfe, Brotaufstriche etc.) im Mittelpunkt.\u00a0\u00a0\u00a0 Zur Bringzeit fr\u00fch morgens und mittags konnten die Eltern mit ihren Kindern verschiedene Stationen durchlaufen und erhielten Antworten auf Fragen zu gesundem Fr\u00fchst\u00fcck und Kinderlebensmitteln. Die Aktion war im Vorraum des des Kindergartens aufgebaut, damit alle Kinder und Eltern die M\u00f6glichkeit hatten, daran teilzunehmen. Die Kinder konnten sich an verschiedenen Tagen der Aktionswoche ihre Pausendose mit unterschiedlichen Pausenbrotalternativen, die Hauswirtschaftsmeisterinnen Fr. Brigitte Stautner und \u00a0 \u00a0 \u00a0 \u00a0 \u00a0 \u00a0 \u00a0 Fr. Bitgit Kainz mit Helferinnen vorbereitet hatten, f\u00fcllen.\u00a0 Kombiniert ist das Bef\u00fcllen der Brotzeitboxen mit weiteren Stationen, z.B. einer Lebensmittelausstellung mit Zuckergehalt von Kinderlebensmitteln, einem Sinnesparcoour und der Ern\u00e4hrungspyramide.\u00a0\u00a0\u00a0\u00a0\u00a0\u00a0\u00a0\u00a0\u00a0\u00a0\u00a0\u00a0\u00a0\u00a0\u00a0\u00a0\u00a0\u00a0\u00a0 Am Freitag, den 23.02.2018 konnten sich die Eltern bei einer speziellen Ern\u00e4hrungssprechstunde bei Fr. Gabriele Ludwig (\u00d6kotrophologin) zu Ern\u00e4hrungsthemen informieren.<img decoding=\"async\" loading=\"lazy\" class=\"aligncenter wp-image-1034\" src=\"https:\/\/kinderhaus.pfarrei-badkoetzting.de\/wordpress\/wp-content\/uploads\/2018\/02\/IMG_8443.jpg\" alt=\"\" width=\"411\" height=\"274\" \/><img decoding=\"async\" class=\"aligncenter size-full wp-image-1032\" src=\"https:\/\/kinderhaus.pfarrei-badkoetzting.de\/wordpress\/wp-content\/uploads\/2018\/02\/IMG_8435.jpg\" alt=\"\" \/><img decoding=\"async\" loading=\"lazy\" class=\"wp-image-1035 alignleft\" src=\"https:\/\/kinderhaus.pfarrei-badkoetzting.de\/wordpress\/wp-content\/uploads\/2018\/02\/IMG_8445.jpg\" alt=\"\" width=\"425\" height=\"283\" \/><\/p>\n<p><img decoding=\"async\" class=\"aligncenter size-full wp-image-1033\" src=\"https:\/\/kinderhaus.pfarrei-badkoetzting.de\/wordpress\/wp-content\/uploads\/2018\/02\/IMG_8442.jpg\" alt=\"\" \/>Organisiert wurde diese Veranstaltung vom Netzwerk Junge Eltern und Familien, das vom Amt f\u00fcr Ern\u00e4hrung, Landwirtschaft und Forsten in Cham koordiniert wird und das Ziel hat, junge Familien durch gesundheitsf\u00f6rdernde Angebote und Ma\u00dfnahmen f\u00fcr eine ausgewogene Ern\u00e4hrung und regelm\u00e4\u00dfige Bewegung im Alltag zu motiviern. Das neue Netzwerk schlie\u00dft an das in der Region bereits bestehende Netzwerk f\u00fcr junge Eltern\/Familien mit Kindern bis zu 3 Jahren an. &#8222;Unser Bestreben ist es, gemeinsam mit anderen Akteuren junge Familien m\u00f6glichst fr\u00fch\u00a0 zu erreichen und sie bei der Umsetzung einer altersgerechten und modernen Ern\u00e4hrung sowie regelm\u00e4\u00dfiger Bewegung zu unterst\u00fctzen&#8220;, betonte Fr. Maria Schmitz Ansprechpartnerin f\u00fcr Ern\u00e4hrung vom Amt f\u00fcr Ern\u00e4hrung, Landwirtschaft und Forsten Cham. Vor allem praktische Impulse f\u00fcr die \u00dcbertragung des Wissens in den Alltag sollen vermittelt werden.<\/p>\n<p>Als n\u00e4chste Angebot wird eine Wanderung mit Picknick f\u00fcr die Kinder und Eltern um Mai durchgef\u00fchrt.<\/p>\n","protected":false},"excerpt":{"rendered":"<p>Mit der Fr\u00fchst\u00fcckswoche &#8220; Das schmeckt und h\u00e4lt uns fit &#8211; f\u00fcr KITA-Kinder und ihre Eltern&#8220; vom 20. Februar bis 23. Februar 2018 wurde die erste Aktion aus dem Netzwerk Junge Eltern und Familien zu gesunder Ern\u00e4hrung und Bewegung im Kinderhaus in Bad K\u00f6tzting durchgef\u00fchrt.\u00a0\u00a0\u00a0\u00a0\u00a0\u00a0\u00a0\u00a0\u00a0\u00a0\u00a0\u00a0\u00a0\u00a0\u00a0\u00a0\u00a0\u00a0\u00a0\u00a0\u00a0\u00a0\u00a0\u00a0\u00a0\u00a0\u00a0\u00a0\u00a0\u00a0\u00a0\u00a0\u00a0\u00a0\u00a0\u00a0\u00a0\u00a0\u00a0\u00a0\u00a0\u00a0\u00a0\u00a0\u00a0\u00a0\u00a0\u00a0\u00a0\u00a0\u00a0\u00a0\u00a0\u00a0\u00a0\u00a0\u00a0\u00a0\u00a0\u00a0\u00a0\u00a0\u00a0\u00a0\u00a0\u00a0\u00a0\u00a0\u00a0\u00a0\u00a0\u00a0\u00a0\u00a0\u00a0\u00a0\u00a0\u00a0\u00a0\u00a0\u00a0\u00a0\u00a0\u00a0\u00a0\u00a0\u00a0\u00a0\u00a0\u00a0\u00a0\u00a0\u00a0\u00a0\u00a0\u00a0\u00a0\u00a0\u00a0\u00a0\u00a0\u00a0\u00a0\u00a0\u00a0\u00a0\u00a0\u00a0\u00a0\u00a0\u00a0\u00a0\u00a0\u00a0\u00a0\u00a0\u00a0\u00a0\u00a0\u00a0\u00a0\u00a0\u00a0\u00a0\u00a0\u00a0\u00a0\u00a0\u00a0\u00a0\u00a0\u00a0\u00a0\u00a0\u00a0\u00a0\u00a0\u00a0\u00a0\u00a0\u00a0\u00a0\u00a0\u00a0\u00a0\u00a0\u00a0\u00a0\u00a0\u00a0\u00a0\u00a0\u00a0\u00a0 Bei dieser Aktion stand das Bef\u00fcllen von Brotzeitboxen der KITA-Kinder &hellip; <a href=\"https:\/\/kinderhaus.pfarrei-badkoetzting.de\/?p=1030\" class=\"more-link\"><span class=\"screen-reader-text\">&#8222;Pack dir deine Fr\u00fchst\u00fccksbox selbst&#8220;<\/span> weiterlesen <span class=\"meta-nav\">&rarr;<\/span><\/a><\/p>\n","protected":false},"author":5,"featured_media":0,"comment_status":"closed","ping_status":"closed","sticky":false,"template":"","format":"standard","meta":[],"categories":[1],"tags":[],"_links":{"self":[{"href":"https:\/\/kinderhaus.pfarrei-badkoetzting.de\/index.php?rest_route=\/wp\/v2\/posts\/1030"}],"collection":[{"href":"https:\/\/kinderhaus.pfarrei-badkoetzting.de\/index.php?rest_route=\/wp\/v2\/posts"}],"about":[{"href":"https:\/\/kinderhaus.pfarrei-badkoetzting.de\/index.php?rest_route=\/wp\/v2\/types\/post"}],"author":[{"embeddable":true,"href":"https:\/\/kinderhaus.pfarrei-badkoetzting.de\/index.php?rest_route=\/wp\/v2\/users\/5"}],"replies":[{"embeddable":true,"href":"https:\/\/kinderhaus.pfarrei-badkoetzting.de\/index.php?rest_route=%2Fwp%2Fv2%2Fcomments&post=1030"}],"version-history":[{"count":2,"href":"https:\/\/kinderhaus.pfarrei-badkoetzting.de\/index.php?rest_route=\/wp\/v2\/posts\/1030\/revisions"}],"predecessor-version":[{"id":1036,"href":"https:\/\/kinderhaus.pfarrei-badkoetzting.de\/index.php?rest_route=\/wp\/v2\/posts\/1030\/revisions\/1036"}],"wp:attachment":[{"href":"https:\/\/kinderhaus.pfarrei-badkoetzting.de\/index.php?rest_route=%2Fwp%2Fv2%2Fmedia&parent=1030"}],"wp:term":[{"taxonomy":"category","embeddable":true,"href":"https:\/\/kinderhaus.pfarrei-badkoetzting.de\/index.php?rest_route=%2Fwp%2Fv2%2Fcategories&post=1030"},{"taxonomy":"post_tag","embeddable":true,"href":"https:\/\/kinderhaus.pfarrei-badkoetzting.de\/index.php?rest_route=%2Fwp%2Fv2%2Ftags&post=1030"}],"curies":[{"name":"wp","href":"https:\/\/api.w.org\/{rel}","templated":true}]}}